{"id":3640,"date":"2023-05-01T16:22:13","date_gmt":"2023-05-01T16:22:13","guid":{"rendered":"https:\/\/sah.ba\/?p=3640"},"modified":"2024-01-10T16:17:43","modified_gmt":"2024-01-10T16:17:43","slug":"izvjestaj-sa-xxix-otvorenog-kadetskog-i-juniorskog-prvenstva-ssfbih","status":"publish","type":"post","link":"https:\/\/sah.ba\/index.php\/2023\/05\/01\/izvjestaj-sa-xxix-otvorenog-kadetskog-i-juniorskog-prvenstva-ssfbih\/","title":{"rendered":"Izvje\u0161taj sa XXIX otvorenog kadetskog i juniorskog prvenstva \u0160SFBiH"},"content":{"rendered":"<p>XXIX otvoreno kadetsko i juniorsko prvenstvo \u0160ahovskog saveza Federacije Bosne i Hercegovine odr\u017eano je u periodu od 27. do 30. aprila 2023. godine u Te\u0161nju. Tehni\u010dki organizator bio je \u0160D \u201eTe\u0161anj\u201c.<\/p>\n<p>Na prvenstvu je u\u010destvovalo 99 igra\u010da iz Sarajeva, Zenice, Mostara, Travnika, Tuzle, Te\u0161nja, Gra\u010danice, Cazina, itd&#8230;<\/p>\n<p>Tempo igre bilo je 60 minuta po igra\u010du, a parovanje kao i satnica odre\u0111eni su turnirskim pravilnikom koji je bio uskla\u0111en na tehni\u010dkoj konferenciji.<\/p>\n<p>Tri prvoplasirana igra\u010da su stekli pravo nastupa na 23. kadetskom i juniorskom prvenstvu Bosne i Hercegovine koji \u0107e se odr\u017eati od 25. do 28. maja 2023. godine. Tehni\u010dki organizator 23. kadetskog i juniorskog prvenstva je \u0160ahovski savez Republike Srpske.<\/p>\n<p>Na 23. kadetskom i juniorskom prvenstvu Bosne i Hercegovine nastup su izborili:<\/p>\n<p><strong>\u017dene do 8 godina:<\/strong><\/p>\n<ol>\n<li>mjesto Lana Luk\u0161i\u0107 \u2013 \u0160K \u201e\u010celik\u201c Zenica<\/li>\n<li>mjesto Amila Babi\u0107 \u2013 O\u0160K \u201eDoboj-Istok\u201c Doboj-Istok<\/li>\n<\/ol>\n<p><strong>\u017dene do 10 godina:<\/strong><\/p>\n<ol>\n<li>mjesto Merjem D\u017eafi\u0107 \u2013 \u0160K \u201eGra\u010danica\u201c Gra\u010danica<\/li>\n<li>mjesto Lamija Emrovi\u0107 \u2013 \u0160K \u201eTravnik\u201c Travnik<\/li>\n<li>mjesto Merima Konji\u0107 \u2013 O\u0160K \u201eDoboj-Istok\u201c Doboj-Istok<\/li>\n<\/ol>\n<p><strong>\u017dene do 12 godina:<\/strong><\/p>\n<ol>\n<li>mjesto Lamija Hatibovi\u0107 \u2013 \u0160K \u201e\u010celik\u201c Zenica<\/li>\n<li>mjesto Sabina Skeled\u017ei\u0107 \u2013 O\u0160K \u201e\u017divinice\u201c \u017divinice<\/li>\n<li>mjesto Nadira Duri\u0107 \u2013 \u0160K \u201eAlpong\u201c Sarajevo<\/li>\n<\/ol>\n<p><strong>\u017dene do 14 godina:<\/strong><\/p>\n<ol>\n<li>mjesto Anela Leti\u0107 \u2013 \u0160K \u201eGra\u010danica\u201c Gra\u010danica<\/li>\n<li>mjesto Sara \u010canku\u0161i\u0107 \u2013 O\u0160K \u201eJunior\u201c Sarajevo<\/li>\n<li>mjesto Ella Be\u0161irevi\u0107 \u2013 \u0160K \u201eCazin\u201c Cazin<\/li>\n<\/ol>\n<p><strong>\u017dene do 16 godina:<\/strong><\/p>\n<ol>\n<li>mjesto Sara Vukovi\u0107 \u2013 O\u0160K \u201eJunior\u201c Sarajevo<\/li>\n<li>mjesto Ehlimana Babaji\u0107 \u2013 T\u0160K \u201eSloboda\u201c Tuzla<\/li>\n<li>mjesto Enida \u0160akota \u2013 \u0160D \u201eTe\u0161anj\u201c Te\u0161anj<\/li>\n<\/ol>\n<p><strong>\u017dene do 18 godina:<\/strong><\/p>\n<ol>\n<li>mjesto Elma Hod\u017ei\u0107 \u2013 O\u0160K \u201eDoboj-Istok\u201c Doboj-Istok<\/li>\n<li>mjesto Hana Be\u0161lija \u2013 \u0160K \u201eAlpong\u201c Alpong<\/li>\n<li>mjesto Selma Leti\u0107 \u2013 \u0160K \u201eGra\u010danica\u201c Gra\u010danica<\/li>\n<\/ol>\n<p><strong>\u017dene do 20 godina:<\/strong><\/p>\n<ol>\n<li>mjesto Ivana Miki\u0107 \u2013 O\u0160K \u201eAkademija \u0161ampiona\u201c Doboj-Istok<\/li>\n<li>mjesto Adna Kos \u2013 \u0160K \u201e\u010celik\u201c Zenica<\/li>\n<li>mjesto Sumeja Trebo \u2013 \u0160K \u201e\u010celik\u201c Zenica<\/li>\n<\/ol>\n<p><strong>Mu\u0161ki do 8 godina:<\/strong><\/p>\n<ol>\n<li>mjesto Nedim Telalovi\u0107 \u2013 \u0160K \u201e\u017deljezni\u010dar\u201c Sarajevo<\/li>\n<li>mjesto Danin Salihbegovi\u0107 \u2013 \u0160K \u201e\u017deljezni\u010dar\u201c Sarajevo<\/li>\n<li>mjesto Damjan Jerini\u0107 \u2013 O\u0160K \u201eDoboj-Istok\u201c Doboj-Istok<\/li>\n<\/ol>\n<p><strong>Mu\u0161ki do 10 godina:<\/strong><\/p>\n<ol>\n<li>mjesto Edmir Musi\u0107 \u2013 \u0160K \u201e\u010celik\u201c Zenica<\/li>\n<li>mjesto Adin Dubravac \u2013 \u0160K \u201e\u010celik\u201c Zenica<\/li>\n<li>mjesto Muhamed Mujki\u0107 \u2013 O\u0160K \u201eDoboj-Istok\u201c Doboj-Istok<\/li>\n<\/ol>\n<p><strong>Mu\u0161ki do 12 godina:<\/strong><\/p>\n<ol>\n<li>mjesto Ahmed Keki\u0107 \u2013 \u0160K \u201eCazin\u201c Cazin<\/li>\n<li>mjesto Naid Keki\u0107 \u2013 \u0160K \u201eCazin\u201c Cazin<\/li>\n<li>mjesto Damir Omerovi\u0107 \u2013 \u0160K \u201eMostar\u201c Mostar<\/li>\n<\/ol>\n<p><strong>Mu\u0161ki do 14 godina:<\/strong><\/p>\n<ol>\n<li>mjesto Omer Jahi\u0107 \u2013 O\u0160K \u201eDoboj-Istok\u201c Doboj-Istok<\/li>\n<li>mjesto Orhan Be\u010di\u0107 \u2013 \u0160K \u201e\u010celik\u201c Zenica<\/li>\n<li>mjesto Ado Me\u0161i\u0107 \u2013 O\u0160K \u201eAkademija \u0161ampiona\u201c Doboj-Istok<\/li>\n<\/ol>\n<p><strong>Mu\u0161ki do 16 godina:<\/strong><\/p>\n<ol>\n<li>mjesto FM Sanjin \u010culum \u2013 \u0160K \u201eGra\u010danica\u201c Gra\u010danica<\/li>\n<li>mjesto FM Ismet Me\u0161i\u0107 \u2013 O\u0160K \u201eAkademija \u0161ampiona\u201c Doboj-Istok<\/li>\n<li>mjesto Slaven Mandi\u0107 \u2013 \u0160K \u201eAlpong\u201c Sarajevo<\/li>\n<\/ol>\n<p><strong>Mu\u0161ki do 18 godina:<\/strong><\/p>\n<ol>\n<li>mjesto Muhamed \u0160i\u0161i\u0107 \u2013 \u0160K \u201eGra\u010danica\u201c Gra\u010danica<\/li>\n<li>mjesto Tarik Skula \u2013 O\u0160K \u201e\u017divinice\u201c \u017divinice<\/li>\n<li>mjesto Kerim Mujkanovi\u0107 \u2013 \u0160D \u201eTe\u0161anj\u201c Te\u0161anj<\/li>\n<\/ol>\n<p><strong>Mu\u0161ki do 20 godina:<\/strong><\/p>\n<ol>\n<li>mjesto FM Samuel Zenelaj \u2013 \u0160K \u201eIgman\u201c Konjic<\/li>\n<li>mjesto Nermin Haznadar \u2013 \u0160K \u201eAlpong\u201c Sarajevo<\/li>\n<li>mjesto Edhem Kapid\u017ei\u0107 \u2013 \u0160K \u201eAlpong\u201c Sarajevo<\/li>\n<\/ol>\n<p>Direktor turnira bio je gosp. Sead Hafizovi\u0107. Glavni sudija bio je NA Dino Markovi\u0107, a pomo\u0107ne sudije bili su: NA Belmir Miski\u0107, NA Halim Hutinovi\u0107 i Mirza \u0160akota.<\/p>\n<p>Prvenstvo je veoma uspje\u0161no organizovao \u0160D \u201eTe\u0161anj\u201c, te \u0160ahovski savez Federacije Bosne i Hercegovine \u010destita doma\u0107inu na uspje\u0161noj organizaciji, te igra\u010dima na ostvarenim plasmanima sa \u017eeljom da nam Savez predstavljaju uspje\u0161no na 23. kadetskom i juniorskom prvenstvu Bosne i Hercegovine.<\/p>\n<p>&nbsp;<\/p>\n<p>Predsjednik UO \u0160SFBiH<\/p>\n<p>Ekrem Koso<\/p>\n<p>&nbsp;<\/p>\n<p>Galeriju slika mo\u017eete pogledati klikom <strong><a href=\"https:\/\/sah.ba\/index.php\/xxix-otvoreno-kadetsko-i-juniorsko-prvenstvo-ssfbih-galerija-slika\/\">OVDJE<\/a><\/strong><\/p>\n","protected":false},"excerpt":{"rendered":"<p>XXIX otvoreno kadetsko i juniorsko prvenstvo \u0160ahovskog saveza Federacije Bosne i Hercegovine odr\u017eano je u periodu od 27. do 30. aprila 2023. godine u Te\u0161nju. Tehni\u010dki organizator bio je \u0160D [&hellip;]<\/p>\n","protected":false},"author":1,"featured_media":3641,"comment_status":"closed","ping_status":"closed","sticky":false,"template":"","format":"standard","meta":{"footnotes":""},"categories":[4,8],"tags":[],"class_list":["post-3640","post","type-post","status-publish","format-standard","has-post-thumbnail","hentry","category-novosti","category-pojedinacna"],"featured_image_src":"https:\/\/sah.ba\/wp-content\/uploads\/2023\/05\/viber_image_2023-04-30_21-09-56-217-600x400.jpg","featured_image_src_square":"https:\/\/sah.ba\/wp-content\/uploads\/2023\/05\/viber_image_2023-04-30_21-09-56-217-600x600.jpg","author_info":{"display_name":"admin","author_link":"https:\/\/sah.ba\/index.php\/author\/ssfbih\/"},"category_info":"<a href=\"https:\/\/sah.ba\/index.php\/category\/novosti\/\" rel=\"category tag\">Novosti<\/a>,<a href=\"https:\/\/sah.ba\/index.php\/category\/pojedinacna\/\" rel=\"category tag\">Pojedina\u010dna<\/a>","tags_info":"","social_share_info":"<a data-share=\"facebook\" href=\"https:\/\/www.facebook.com\/sharer.php?u=https:\/\/sah.ba\/index.php\/2023\/05\/01\/izvjestaj-sa-xxix-otvorenog-kadetskog-i-juniorskog-prvenstva-ssfbih\/\" class=\"pl-facebook-share social-share-default pl-social-share\" target=\"_blank\"><i class=\"fab fa-facebook-f\" aria-hidden=\"true\"><\/i><\/a><a data-share=\"twitter\" href=\"https:\/\/twitter.com\/share?url=https:\/\/sah.ba\/index.php\/2023\/05\/01\/izvjestaj-sa-xxix-otvorenog-kadetskog-i-juniorskog-prvenstva-ssfbih\/\" class=\"pl-twiiter-share social-share-default pl-social-share\" target=\"_blank\"><i class=\"fab fa-twitter\" aria-hidden=\"true\"><\/i><\/a><a data-share=\"linkedin\" href=\"https:\/\/www.linkedin.com\/shareArticle?url=https:\/\/sah.ba\/index.php\/2023\/05\/01\/izvjestaj-sa-xxix-otvorenog-kadetskog-i-juniorskog-prvenstva-ssfbih\/\" class=\"pl-linkedin-share social-share-default pl-social-share\" target=\"_blank\"><i class=\"fab fa-linkedin-in\" aria-hidden=\"true\"><\/i><\/a>","wordExcerpt_info":"<p>XXIX otvoreno kadetsko i juniorsko prvenstvo \u0160ahovskog saveza Federacije Bosne i Hercegovine odr\u017eano je u periodu od 27. do 30. aprila 2023. godine u Te\u0161nju. Tehni\u010dki organizator bio je \u0160D \u201eTe\u0161anj\u201c.<\/p>\n<p>Na prvenstvu je u\u010destvovalo 99 igra\u010da iz Sarajeva, Zenice, Mostara, Travnika, Tuzle, Te\u0161nja, Gra\u010danice, Cazina, itd&#8230;<\/p>\n<p>Tempo igre bilo je 60 minuta po igra\u010du, a parovanje kao i satnica odre\u0111eni su turnirskim pravilnikom koji je bio uskla\u0111en na tehni\u010dkoj konferenciji.<\/p>\n<p>Tri prvoplasirana igra\u010da su stekli pravo nastupa na 23. kadetskom i juniorskom prvenstvu Bosne i Hercegovine koji \u0107e se odr\u017eati od 25. do 28. maja 2023. godine. Tehni\u010dki organizator 23. kadetskog i juniorskog prvenstva je \u0160ahovski savez Republike Srpske.<\/p>\n<p>Na 23. kadetskom i juniorskom prvenstvu Bosne i Hercegovine nastup su izborili:<\/p>\n<p><strong>\u017dene do 8 godina:<\/strong><\/p>\n<ol>\n<li>mjesto Lana Luk\u0161i\u0107 \u2013 \u0160K \u201e\u010celik\u201c Zenica<\/li>\n<li>mjesto Amila Babi\u0107 \u2013 O\u0160K \u201eDoboj-Istok\u201c Doboj-Istok<\/li>\n<\/ol>\n<p><strong>\u017dene do 10 godina:<\/strong><\/p>\n<ol>\n<li>mjesto Merjem D\u017eafi\u0107 \u2013 \u0160K \u201eGra\u010danica\u201c Gra\u010danica<\/li>\n<li>mjesto Lamija Emrovi\u0107 \u2013 \u0160K \u201eTravnik\u201c Travnik<\/li>\n<li>mjesto Merima Konji\u0107 \u2013 O\u0160K \u201eDoboj-Istok\u201c Doboj-Istok<\/li>\n<\/ol>\n<p><strong>\u017dene do 12 godina:<\/strong><\/p>\n<ol>\n<li>mjesto Lamija Hatibovi\u0107 \u2013 \u0160K \u201e\u010celik\u201c Zenica<\/li>\n<li>mjesto Sabina Skeled\u017ei\u0107 \u2013 O\u0160K \u201e\u017divinice\u201c \u017divinice<\/li>\n<li>mjesto Nadira Duri\u0107 \u2013 \u0160K \u201eAlpong\u201c Sarajevo<\/li>\n<\/ol>\n<p><strong>\u017dene do 14 godina:<\/strong><\/p>\n<ol>\n<li>mjesto Anela Leti\u0107 \u2013 \u0160K \u201eGra\u010danica\u201c Gra\u010danica<\/li>\n<li>mjesto Sara \u010canku\u0161i\u0107 \u2013 O\u0160K \u201eJunior\u201c Sarajevo<\/li>\n<li>mjesto Ella Be\u0161irevi\u0107 \u2013 \u0160K \u201eCazin\u201c Cazin<\/li>\n<\/ol>\n<p><strong>\u017dene do 16 godina:<\/strong><\/p>\n<ol>\n<li>mjesto Sara Vukovi\u0107 \u2013 O\u0160K \u201eJunior\u201c Sarajevo<\/li>\n<li>mjesto Ehlimana Babaji\u0107 \u2013 T\u0160K \u201eSloboda\u201c Tuzla<\/li>\n<li>mjesto Enida \u0160akota \u2013 \u0160D \u201eTe\u0161anj\u201c Te\u0161anj<\/li>\n<\/ol>\n<p><strong>\u017dene do 18 godina:<\/strong><\/p>\n<ol>\n<li>mjesto Elma Hod\u017ei\u0107 \u2013 O\u0160K \u201eDoboj-Istok\u201c Doboj-Istok<\/li>\n<li>mjesto Hana Be\u0161lija \u2013 \u0160K \u201eAlpong\u201c Alpong<\/li>\n<li>mjesto Selma Leti\u0107 \u2013 \u0160K \u201eGra\u010danica\u201c Gra\u010danica<\/li>\n<\/ol>\n<p><strong>\u017dene do 20 godina:<\/strong><\/p>\n<ol>\n<li>mjesto Ivana Miki\u0107 \u2013 O\u0160K \u201eAkademija \u0161ampiona\u201c Doboj-Istok<\/li>\n<li>mjesto Adna Kos \u2013 \u0160K \u201e\u010celik\u201c Zenica<\/li>\n<li>mjesto Sumeja Trebo \u2013 \u0160K \u201e\u010celik\u201c Zenica<\/li>\n<\/ol>\n<p><strong>Mu\u0161ki do 8 godina:<\/strong><\/p>\n<ol>\n<li>mjesto Nedim Telalovi\u0107 \u2013 \u0160K \u201e\u017deljezni\u010dar\u201c Sarajevo<\/li>\n<li>mjesto Danin Salihbegovi\u0107 \u2013 \u0160K \u201e\u017deljezni\u010dar\u201c Sarajevo<\/li>\n<li>mjesto Damjan Jerini\u0107 \u2013 O\u0160K \u201eDoboj-Istok\u201c Doboj-Istok<\/li>\n<\/ol>\n<p><strong>Mu\u0161ki do 10 godina:<\/strong><\/p>\n<ol>\n<li>mjesto Edmir Musi\u0107 \u2013 \u0160K \u201e\u010celik\u201c Zenica<\/li>\n<li>mjesto Adin Dubravac \u2013 \u0160K \u201e\u010celik\u201c Zenica<\/li>\n<li>mjesto Muhamed Mujki\u0107 \u2013 O\u0160K \u201eDoboj-Istok\u201c Doboj-Istok<\/li>\n<\/ol>\n<p><strong>Mu\u0161ki do 12 godina:<\/strong><\/p>\n<ol>\n<li>mjesto Ahmed Keki\u0107 \u2013 \u0160K \u201eCazin\u201c Cazin<\/li>\n<li>mjesto Naid Keki\u0107 \u2013 \u0160K \u201eCazin\u201c Cazin<\/li>\n<li>mjesto Damir Omerovi\u0107 \u2013 \u0160K \u201eMostar\u201c Mostar<\/li>\n<\/ol>\n<p><strong>Mu\u0161ki do 14 godina:<\/strong><\/p>\n<ol>\n<li>mjesto Omer Jahi\u0107 \u2013 O\u0160K \u201eDoboj-Istok\u201c Doboj-Istok<\/li>\n<li>mjesto Orhan Be\u010di\u0107 \u2013 \u0160K \u201e\u010celik\u201c Zenica<\/li>\n<li>mjesto Ado Me\u0161i\u0107 \u2013 O\u0160K \u201eAkademija \u0161ampiona\u201c Doboj-Istok<\/li>\n<\/ol>\n<p><strong>Mu\u0161ki do 16 godina:<\/strong><\/p>\n<ol>\n<li>mjesto FM Sanjin \u010culum \u2013 \u0160K \u201eGra\u010danica\u201c Gra\u010danica<\/li>\n<li>mjesto FM Ismet Me\u0161i\u0107 \u2013 O\u0160K \u201eAkademija \u0161ampiona\u201c Doboj-Istok<\/li>\n<li>mjesto Slaven Mandi\u0107 \u2013 \u0160K \u201eAlpong\u201c Sarajevo<\/li>\n<\/ol>\n<p><strong>Mu\u0161ki do 18 godina:<\/strong><\/p>\n<ol>\n<li>mjesto Muhamed \u0160i\u0161i\u0107 \u2013 \u0160K \u201eGra\u010danica\u201c Gra\u010danica<\/li>\n<li>mjesto Tarik Skula \u2013 O\u0160K \u201e\u017divinice\u201c \u017divinice<\/li>\n<li>mjesto Kerim Mujkanovi\u0107 \u2013 \u0160D \u201eTe\u0161anj\u201c Te\u0161anj<\/li>\n<\/ol>\n<p><strong>Mu\u0161ki do 20 godina:<\/strong><\/p>\n<ol>\n<li>mjesto FM Samuel Zenelaj \u2013 \u0160K \u201eIgman\u201c Konjic<\/li>\n<li>mjesto Nermin Haznadar \u2013 \u0160K \u201eAlpong\u201c Sarajevo<\/li>\n<li>mjesto Edhem Kapid\u017ei\u0107 \u2013 \u0160K \u201eAlpong\u201c Sarajevo<\/li>\n<\/ol>\n<p>Direktor turnira bio je gosp. Sead Hafizovi\u0107. Glavni sudija bio je NA Dino Markovi\u0107, a pomo\u0107ne sudije bili su: NA Belmir Miski\u0107, NA Halim Hutinovi\u0107 i Mirza \u0160akota.<\/p>\n<p>Prvenstvo je veoma uspje\u0161no organizovao \u0160D \u201eTe\u0161anj\u201c, te \u0160ahovski savez Federacije Bosne i Hercegovine \u010destita doma\u0107inu na uspje\u0161noj organizaciji, te igra\u010dima na ostvarenim plasmanima sa \u017eeljom da nam Savez predstavljaju uspje\u0161no na 23. kadetskom i juniorskom prvenstvu Bosne i Hercegovine.<\/p>\n<p>&nbsp;<\/p>\n<p>Predsjednik UO \u0160SFBiH<\/p>\n<p>Ekrem Koso<\/p>\n<p>&nbsp;<\/p>\n<p>Galeriju slika mo\u017eete pogledati klikom <strong><a href=\"https:\/\/sah.ba\/index.php\/xxix-otvoreno-kadetsko-i-juniorsko-prvenstvo-ssfbih-galerija-slika\/\">OVDJE<\/a><\/strong><\/p>\n","comment_info":"No Comments","blog_post_layout_featured_media_urls":{"thumbnail":["https:\/\/sah.ba\/wp-content\/uploads\/2023\/05\/viber_image_2023-04-30_21-09-56-217-150x150.jpg",150,150,true],"full":["https:\/\/sah.ba\/wp-content\/uploads\/2023\/05\/viber_image_2023-04-30_21-09-56-217.jpg",1600,1066,false]},"categories_names":{"4":{"name":"Novosti","link":"https:\/\/sah.ba\/index.php\/category\/novosti\/"},"8":{"name":"Pojedina\u010dna","link":"https:\/\/sah.ba\/index.php\/category\/pojedinacna\/"}},"tags_names":[],"comments_number":0,"wpmagazine_modules_lite_featured_media_urls":{"thumbnail":["https:\/\/sah.ba\/wp-content\/uploads\/2023\/05\/viber_image_2023-04-30_21-09-56-217-150x150.jpg",150,150,true],"cvmm-medium":["https:\/\/sah.ba\/wp-content\/uploads\/2023\/05\/viber_image_2023-04-30_21-09-56-217-300x300.jpg",300,300,true],"cvmm-medium-plus":["https:\/\/sah.ba\/wp-content\/uploads\/2023\/05\/viber_image_2023-04-30_21-09-56-217-305x207.jpg",305,207,true],"cvmm-portrait":["https:\/\/sah.ba\/wp-content\/uploads\/2023\/05\/viber_image_2023-04-30_21-09-56-217-400x600.jpg",400,600,true],"cvmm-medium-square":["https:\/\/sah.ba\/wp-content\/uploads\/2023\/05\/viber_image_2023-04-30_21-09-56-217-600x600.jpg",600,600,true],"cvmm-large":["https:\/\/sah.ba\/wp-content\/uploads\/2023\/05\/viber_image_2023-04-30_21-09-56-217-1024x1024.jpg",1024,1024,true],"cvmm-small":["https:\/\/sah.ba\/wp-content\/uploads\/2023\/05\/viber_image_2023-04-30_21-09-56-217-130x95.jpg",130,95,true],"full":["https:\/\/sah.ba\/wp-content\/uploads\/2023\/05\/viber_image_2023-04-30_21-09-56-217.jpg",1600,1066,false]},"_links":{"self":[{"href":"https:\/\/sah.ba\/index.php\/wp-json\/wp\/v2\/posts\/3640","targetHints":{"allow":["GET"]}}],"collection":[{"href":"https:\/\/sah.ba\/index.php\/wp-json\/wp\/v2\/posts"}],"about":[{"href":"https:\/\/sah.ba\/index.php\/wp-json\/wp\/v2\/types\/post"}],"author":[{"embeddable":true,"href":"https:\/\/sah.ba\/index.php\/wp-json\/wp\/v2\/users\/1"}],"replies":[{"embeddable":true,"href":"https:\/\/sah.ba\/index.php\/wp-json\/wp\/v2\/comments?post=3640"}],"version-history":[{"count":0,"href":"https:\/\/sah.ba\/index.php\/wp-json\/wp\/v2\/posts\/3640\/revisions"}],"wp:featuredmedia":[{"embeddable":true,"href":"https:\/\/sah.ba\/index.php\/wp-json\/wp\/v2\/media\/3641"}],"wp:attachment":[{"href":"https:\/\/sah.ba\/index.php\/wp-json\/wp\/v2\/media?parent=3640"}],"wp:term":[{"taxonomy":"category","embeddable":true,"href":"https:\/\/sah.ba\/index.php\/wp-json\/wp\/v2\/categories?post=3640"},{"taxonomy":"post_tag","embeddable":true,"href":"https:\/\/sah.ba\/index.php\/wp-json\/wp\/v2\/tags?post=3640"}],"curies":[{"name":"wp","href":"https:\/\/api.w.org\/{rel}","templated":true}]}}