{"id":4037,"date":"2023-09-06T13:46:28","date_gmt":"2023-09-06T13:46:28","guid":{"rendered":"https:\/\/sah.ba\/?p=4037"},"modified":"2023-09-06T13:48:21","modified_gmt":"2023-09-06T13:48:21","slug":"in-memoriam-mustafa-elezovic","status":"publish","type":"post","link":"https:\/\/sah.ba\/index.php\/2023\/09\/06\/in-memoriam-mustafa-elezovic\/","title":{"rendered":"IN MEMORIAM Mustafa Elezovi\u0107 (1931-2023)"},"content":{"rendered":"<p>Obavje\u0161tavamo \u0161ahiste, da je na bolji, u 93. god. preselio mostarski \u0161ahista Mujo Elezovi\u0107 1931-2023. D\u017eenaza \u0107e se klanjati 7. septembra (\u010detvrtak), na gradskom groblju Sutina u 16. \u010dasova. Bio je najstariji \u0161ahista Mostara. Brojna odli\u010dja, priznanja, pobjedni\u010dki pehari, su svjedok veli\u010dine rahmetli Muje Elezovi\u0107a. Vi\u0161e od 70 godina, aktivnog igranja \u0161aha, za \u0160K &#8220;Mostar&#8221;. Vi\u0161estruki je \u0161ampion kluba.<\/p>\n","protected":false},"excerpt":{"rendered":"<p>Obavje\u0161tavamo \u0161ahiste, da je na bolji, u 93. god. preselio mostarski \u0161ahista Mujo Elezovi\u0107 1931-2023. D\u017eenaza \u0107e se klanjati 7. septembra (\u010detvrtak), na gradskom groblju Sutina u 16. \u010dasova. Bio [&hellip;]<\/p>\n","protected":false},"author":1,"featured_media":4038,"comment_status":"closed","ping_status":"closed","sticky":false,"template":"","format":"standard","meta":{"footnotes":""},"categories":[4],"tags":[],"class_list":["post-4037","post","type-post","status-publish","format-standard","has-post-thumbnail","hentry","category-novosti"],"featured_image_src":"https:\/\/sah.ba\/wp-content\/uploads\/2023\/09\/375166790_6489992734453335_2498510077721016601_n-600x400.jpg","featured_image_src_square":"https:\/\/sah.ba\/wp-content\/uploads\/2023\/09\/375166790_6489992734453335_2498510077721016601_n-600x458.jpg","author_info":{"display_name":"admin","author_link":"https:\/\/sah.ba\/index.php\/author\/ssfbih\/"},"category_info":"<a href=\"https:\/\/sah.ba\/index.php\/category\/novosti\/\" rel=\"category tag\">Novosti<\/a>","tags_info":"","social_share_info":"<a data-share=\"facebook\" href=\"https:\/\/www.facebook.com\/sharer.php?u=https:\/\/sah.ba\/index.php\/2023\/09\/06\/in-memoriam-mustafa-elezovic\/\" class=\"pl-facebook-share social-share-default pl-social-share\" target=\"_blank\"><i class=\"fab fa-facebook-f\" aria-hidden=\"true\"><\/i><\/a><a data-share=\"twitter\" href=\"https:\/\/twitter.com\/share?url=https:\/\/sah.ba\/index.php\/2023\/09\/06\/in-memoriam-mustafa-elezovic\/\" class=\"pl-twiiter-share social-share-default pl-social-share\" target=\"_blank\"><i class=\"fab fa-twitter\" aria-hidden=\"true\"><\/i><\/a><a data-share=\"linkedin\" href=\"https:\/\/www.linkedin.com\/shareArticle?url=https:\/\/sah.ba\/index.php\/2023\/09\/06\/in-memoriam-mustafa-elezovic\/\" class=\"pl-linkedin-share social-share-default pl-social-share\" target=\"_blank\"><i class=\"fab fa-linkedin-in\" aria-hidden=\"true\"><\/i><\/a>","wordExcerpt_info":"<p>Obavje\u0161tavamo \u0161ahiste, da je na bolji, u 93. god. preselio mostarski \u0161ahista Mujo Elezovi\u0107 1931-2023. D\u017eenaza \u0107e se klanjati 7. septembra (\u010detvrtak), na gradskom groblju Sutina u 16. \u010dasova. Bio je najstariji \u0161ahista Mostara. Brojna odli\u010dja, priznanja, pobjedni\u010dki pehari, su svjedok veli\u010dine rahmetli Muje Elezovi\u0107a. Vi\u0161e od 70 godina, aktivnog igranja \u0161aha, za \u0160K &#8220;Mostar&#8221;. Vi\u0161estruki je \u0161ampion kluba.<\/p>\n","comment_info":"No Comments","blog_post_layout_featured_media_urls":{"thumbnail":["https:\/\/sah.ba\/wp-content\/uploads\/2023\/09\/375166790_6489992734453335_2498510077721016601_n-150x150.jpg",150,150,true],"full":["https:\/\/sah.ba\/wp-content\/uploads\/2023\/09\/375166790_6489992734453335_2498510077721016601_n.jpg",643,458,false]},"categories_names":{"4":{"name":"Novosti","link":"https:\/\/sah.ba\/index.php\/category\/novosti\/"}},"tags_names":[],"comments_number":0,"wpmagazine_modules_lite_featured_media_urls":{"thumbnail":["https:\/\/sah.ba\/wp-content\/uploads\/2023\/09\/375166790_6489992734453335_2498510077721016601_n-150x150.jpg",150,150,true],"cvmm-medium":["https:\/\/sah.ba\/wp-content\/uploads\/2023\/09\/375166790_6489992734453335_2498510077721016601_n-300x300.jpg",300,300,true],"cvmm-medium-plus":["https:\/\/sah.ba\/wp-content\/uploads\/2023\/09\/375166790_6489992734453335_2498510077721016601_n-305x207.jpg",305,207,true],"cvmm-portrait":["https:\/\/sah.ba\/wp-content\/uploads\/2023\/09\/375166790_6489992734453335_2498510077721016601_n-400x458.jpg",400,458,true],"cvmm-medium-square":["https:\/\/sah.ba\/wp-content\/uploads\/2023\/09\/375166790_6489992734453335_2498510077721016601_n-600x458.jpg",600,458,true],"cvmm-large":["https:\/\/sah.ba\/wp-content\/uploads\/2023\/09\/375166790_6489992734453335_2498510077721016601_n.jpg",643,458,false],"cvmm-small":["https:\/\/sah.ba\/wp-content\/uploads\/2023\/09\/375166790_6489992734453335_2498510077721016601_n-130x95.jpg",130,95,true],"full":["https:\/\/sah.ba\/wp-content\/uploads\/2023\/09\/375166790_6489992734453335_2498510077721016601_n.jpg",643,458,false]},"_links":{"self":[{"href":"https:\/\/sah.ba\/index.php\/wp-json\/wp\/v2\/posts\/4037","targetHints":{"allow":["GET"]}}],"collection":[{"href":"https:\/\/sah.ba\/index.php\/wp-json\/wp\/v2\/posts"}],"about":[{"href":"https:\/\/sah.ba\/index.php\/wp-json\/wp\/v2\/types\/post"}],"author":[{"embeddable":true,"href":"https:\/\/sah.ba\/index.php\/wp-json\/wp\/v2\/users\/1"}],"replies":[{"embeddable":true,"href":"https:\/\/sah.ba\/index.php\/wp-json\/wp\/v2\/comments?post=4037"}],"version-history":[{"count":0,"href":"https:\/\/sah.ba\/index.php\/wp-json\/wp\/v2\/posts\/4037\/revisions"}],"wp:featuredmedia":[{"embeddable":true,"href":"https:\/\/sah.ba\/index.php\/wp-json\/wp\/v2\/media\/4038"}],"wp:attachment":[{"href":"https:\/\/sah.ba\/index.php\/wp-json\/wp\/v2\/media?parent=4037"}],"wp:term":[{"taxonomy":"category","embeddable":true,"href":"https:\/\/sah.ba\/index.php\/wp-json\/wp\/v2\/categories?post=4037"},{"taxonomy":"post_tag","embeddable":true,"href":"https:\/\/sah.ba\/index.php\/wp-json\/wp\/v2\/tags?post=4037"}],"curies":[{"name":"wp","href":"https:\/\/api.w.org\/{rel}","templated":true}]}}